{"id":1332,"date":"2013-07-11T10:00:30","date_gmt":"2013-07-11T10:00:30","guid":{"rendered":"http:\/\/www.staging-guiastravel.kinsta.cloud\/?p=1332"},"modified":"2013-07-12T12:18:49","modified_gmt":"2013-07-12T12:18:49","slug":"una-torre-emblematica-de-valencia","status":"publish","type":"post","link":"https:\/\/www.guias.travel\/blog\/una-torre-emblematica-de-valencia\/","title":{"rendered":"Una torre emblem\u00e1tica de Valencia"},"content":{"rendered":"<p style=\"text-align: justify;\">Si eres <strong>amante de lo bello<\/strong> y vas a visitar <strong>Valencia<\/strong> debes saber que no te equivocas de destino. Porque en la ciudad de Valencia tienes una mezcla de monumentos bellos de antes y de ahora que satisfar\u00e1n las delicias de los m\u00e1s exigentes dejando el list\u00f3n realmente elevado. En el grupo de \u00ab<strong>moderno<\/strong>\u00bb podemos destacar la <strong>Ciudad de las Artes y las Ciencias<\/strong> y en la parte \u00ab<strong>tradicional<\/strong>\u00bb cabe destacar todos y cada uno de los edificios y monumentos con m\u00e1s de 100 a\u00f1os de antig\u00fcedad.\u00a0Entre los edificios hist\u00f3ricos quiero presentarte uno de los m\u00e1s representativos y al que mayor estima le tienen todos los valencianos: <strong>el Micalet<\/strong> (el Miguelete).<!--more--><\/p>\n<p style=\"text-align: justify;\"><strong>El Micalet<\/strong> (Miguelete en castellano) es una <strong>torre de estilo g\u00f3tico<\/strong> que toma su nombre debido al gran tama\u00f1o de la campana de las horas que ha derivado en dar nombre a toda la torre por metonimia. Sus <strong>caracter\u00edsticas particulares<\/strong> son muy singulares ya que mide lo mismo hasta su terraza que su per\u00edmetro (51 metros) y un poco m\u00e1s en total (63 metros) lo que convierte esta torre octogonal es un monumento digno de visita.<\/p>\n<figure id=\"attachment_1334\" aria-describedby=\"caption-attachment-1334\" style=\"width: 570px\" class=\"wp-caption alignnone\"><a href=\"http:\/\/www.guias.travel\/wp-content\/uploads\/2013\/07\/El-Micalet-Valencia-CostaFotografo_es-02.jpg\"><img decoding=\"async\" class=\"size-full wp-image-1334\" title=\"El Micalet (Valencia) \u00a9 CostaFotografo.es\" alt=\"El Micalet - Valencia \u00a9 CostaFotografo.es\" src=\"http:\/\/www.guias.travel\/wp-content\/uploads\/2013\/07\/El-Micalet-Valencia-CostaFotografo_es-02.jpg\" width=\"570\" srcset=\"https:\/\/www.guias.travel\/blog\/wp-content\/uploads\/2013\/07\/El-Micalet-Valencia-CostaFotografo_es-02.jpg 1000w, https:\/\/www.guias.travel\/blog\/wp-content\/uploads\/2013\/07\/El-Micalet-Valencia-CostaFotografo_es-02-300x225.jpg 300w\" sizes=\"(max-width: 1000px) 100vw, 1000px\" \/><\/a><figcaption id=\"caption-attachment-1334\" class=\"wp-caption-text\">El Micalet &#8211; Valencia \u00a9 CostaFotografo.es<\/figcaption><\/figure>\n<p style=\"text-align: justify;\">La <strong>visita al Micalet<\/strong> tiene un precio de 2\u20ac lo cual no es excusa para eludirlo de tu agenda, pero subir su escalera de caracol de 207 escalones hasta la terraza requiere un poco de esfuerzo con un premio final que bien lo merece. Una vez en la terraza tendr\u00e1s la oportunidad de disfrutar de <strong>una de las vistas de la ciudad m\u00e1s especiales y \u00fanicas<\/strong> posibles.<\/p>\n<figure id=\"attachment_1342\" aria-describedby=\"caption-attachment-1342\" style=\"width: 260px\" class=\"wp-caption alignleft\"><a href=\"http:\/\/www.guias.travel\/wp-content\/uploads\/2013\/07\/El-Micalet-Valencia-CostaFotografo_es-09.jpg\"><img decoding=\"async\" class=\"size-full wp-image-1342\" title=\"Vistas desde el Micalet (Valencia) \u00a9 CostaFotografo.es\" alt=\"Vistas desde el Micalet (Valencia) \u00a9 CostaFotografo.es\" src=\"http:\/\/www.guias.travel\/wp-content\/uploads\/2013\/07\/El-Micalet-Valencia-CostaFotografo_es-09.jpg\" width=\"260\" srcset=\"https:\/\/www.guias.travel\/blog\/wp-content\/uploads\/2013\/07\/El-Micalet-Valencia-CostaFotografo_es-09.jpg 1000w, https:\/\/www.guias.travel\/blog\/wp-content\/uploads\/2013\/07\/El-Micalet-Valencia-CostaFotografo_es-09-300x225.jpg 300w\" sizes=\"(max-width: 1000px) 100vw, 1000px\" \/><\/a><figcaption id=\"caption-attachment-1342\" class=\"wp-caption-text\">Vistas desde el Micalet (Valencia) \u00a9 CostaFotografo.es<\/figcaption><\/figure>\n<figure id=\"attachment_1341\" aria-describedby=\"caption-attachment-1341\" style=\"width: 260px\" class=\"wp-caption alignleft\"><a href=\"http:\/\/www.guias.travel\/wp-content\/uploads\/2013\/07\/El-Micalet-Valencia-CostaFotografo_es-08.jpg\"><img decoding=\"async\" class=\"size-full wp-image-1341\" title=\"Vistas desde el Micalet (Valencia) \u00a9 CostaFotografo.es\" alt=\"Vistas desde el Micalet (Valencia) \u00a9 CostaFotografo.es\" src=\"http:\/\/www.guias.travel\/wp-content\/uploads\/2013\/07\/El-Micalet-Valencia-CostaFotografo_es-08.jpg\" width=\"260\" srcset=\"https:\/\/www.guias.travel\/blog\/wp-content\/uploads\/2013\/07\/El-Micalet-Valencia-CostaFotografo_es-08.jpg 1000w, https:\/\/www.guias.travel\/blog\/wp-content\/uploads\/2013\/07\/El-Micalet-Valencia-CostaFotografo_es-08-300x225.jpg 300w\" sizes=\"(max-width: 1000px) 100vw, 1000px\" \/><\/a><figcaption id=\"caption-attachment-1341\" class=\"wp-caption-text\">Vistas desde el Micalet (Valencia) \u00a9 CostaFotografo.es<\/figcaption><\/figure>\n<figure id=\"attachment_1339\" aria-describedby=\"caption-attachment-1339\" style=\"width: 260px\" class=\"wp-caption alignleft\"><a href=\"http:\/\/www.guias.travel\/wp-content\/uploads\/2013\/07\/El-Micalet-Valencia-CostaFotografo_es-07.jpg\"><img decoding=\"async\" class=\"size-full wp-image-1339\" title=\"Vistas desde el Micalet (Valencia) \u00a9 CostaFotografo.es\" alt=\"Vistas desde el Micalet (Valencia) \u00a9 CostaFotografo.es\" src=\"http:\/\/www.guias.travel\/wp-content\/uploads\/2013\/07\/El-Micalet-Valencia-CostaFotografo_es-07.jpg\" width=\"260\" srcset=\"https:\/\/www.guias.travel\/blog\/wp-content\/uploads\/2013\/07\/El-Micalet-Valencia-CostaFotografo_es-07.jpg 1000w, https:\/\/www.guias.travel\/blog\/wp-content\/uploads\/2013\/07\/El-Micalet-Valencia-CostaFotografo_es-07-300x225.jpg 300w\" sizes=\"(max-width: 1000px) 100vw, 1000px\" \/><\/a><figcaption id=\"caption-attachment-1339\" class=\"wp-caption-text\">Vistas desde el Micalet (Valencia) \u00a9 CostaFotografo.es<\/figcaption><\/figure>\n<figure id=\"attachment_1338\" aria-describedby=\"caption-attachment-1338\" style=\"width: 260px\" class=\"wp-caption alignleft\"><a href=\"http:\/\/www.guias.travel\/wp-content\/uploads\/2013\/07\/El-Micalet-Valencia-CostaFotografo_es-06.jpg\"><img decoding=\"async\" class=\"size-full wp-image-1338\" title=\"Vistas desde el Micalet (Valencia) \u00a9 CostaFotografo.es\" alt=\"Vistas desde el Micalet (Valencia) \u00a9 CostaFotografo.es\" src=\"http:\/\/www.guias.travel\/wp-content\/uploads\/2013\/07\/El-Micalet-Valencia-CostaFotografo_es-06.jpg\" width=\"260\" srcset=\"https:\/\/www.guias.travel\/blog\/wp-content\/uploads\/2013\/07\/El-Micalet-Valencia-CostaFotografo_es-06.jpg 1000w, https:\/\/www.guias.travel\/blog\/wp-content\/uploads\/2013\/07\/El-Micalet-Valencia-CostaFotografo_es-06-300x225.jpg 300w\" sizes=\"(max-width: 1000px) 100vw, 1000px\" \/><\/a><figcaption id=\"caption-attachment-1338\" class=\"wp-caption-text\">Vistas desde el Micalet (Valencia) \u00a9 CostaFotografo.es<\/figcaption><\/figure>\n<p>Tras varias modificaciones y, especialmente, la <strong>electrificaci\u00f3n<\/strong> del campanario el conjunto sufri\u00f3 grandes modificaciones que hicieron cambiar en varias ocasiones las melod\u00edas y repiques. Pero el proceso de electrificaci\u00f3n no se puedo aplicar a todo el conjunto y s\u00ed a una parte que en 1988 el <strong>Gremio de Campanarios de Valencia<\/strong> se percat\u00f3 que no tuvo en cuenta el volteo de las campanas que no se modificaron al mecanizar el proceso de las campanas automatizadas.\u00a0Para arreglar estos incidentes que provocaron tanto quebradero de cabeza entre el Gremio se han invertido m\u00e1s de 120.000\u20ac en <strong>trabajos de reforma y restauraci\u00f3n<\/strong> con la finalidad de dar mayor importancia a las campanas y a los campaneros dejando lucir mejor su trabajo.<\/p>\n<figure id=\"attachment_1335\" aria-describedby=\"caption-attachment-1335\" style=\"width: 570px\" class=\"wp-caption alignnone\"><a href=\"http:\/\/www.guias.travel\/wp-content\/uploads\/2013\/07\/El-Micalet-Valencia-CostaFotografo_es-03.jpg\"><img decoding=\"async\" class=\"size-full wp-image-1335\" title=\"El Micalet (Valencia) \u00a9 CostaFotografo.es\" alt=\"El Micalet (Valencia) \u00a9 CostaFotografo.es\" src=\"http:\/\/www.guias.travel\/wp-content\/uploads\/2013\/07\/El-Micalet-Valencia-CostaFotografo_es-03.jpg\" width=\"570\" srcset=\"https:\/\/www.guias.travel\/blog\/wp-content\/uploads\/2013\/07\/El-Micalet-Valencia-CostaFotografo_es-03.jpg 1000w, https:\/\/www.guias.travel\/blog\/wp-content\/uploads\/2013\/07\/El-Micalet-Valencia-CostaFotografo_es-03-300x225.jpg 300w\" sizes=\"(max-width: 1000px) 100vw, 1000px\" \/><\/a><figcaption id=\"caption-attachment-1335\" class=\"wp-caption-text\">El Micalet (Valencia) \u00a9 CostaFotografo.es<\/figcaption><\/figure>\n<p style=\"text-align: justify;\">Otra de las <strong>particularidades del campanario<\/strong> y sus 11 campanas es que <strong>cada una tiene un nombre propio<\/strong> que la identifica y que facilita la labor de los miembros del <strong>Gremio de Campanarios de Valencia<\/strong> en el proceso de volteo de campanas. La campana m\u00e1s antigua es la conocida como <strong>Catalina<\/strong> y data de 1305 siendo actualmente la m\u00e1s antigua conocida de la Corona de Arag\u00f3n. Las m\u00e1s reciente es la campana <strong>Violante<\/strong> datada de 1735. Entre estas dos campanas tenemos <strong>\u00darsula<\/strong> (1438), <strong>B\u00e1rbara<\/strong> (1681), <strong>Pablo<\/strong> (1489), <strong>Narciso<\/strong> (1529), <strong>Vicente<\/strong> (1569), <strong>Andr\u00e9s<\/strong> (1604), <strong>Manuel<\/strong> (1621), <strong>Jaime<\/strong> (1429) y <strong>Mar\u00eda<\/strong> (1544).<\/p>\n<p style=\"text-align: justify;\">Si deseas visitar <strong>el Micalet<\/strong> debr\u00e1s tener en cuenta que el horario de subida es de 10h a 18h bajo la supervisi\u00f3n del <strong>Gremio de Campaneros de Valencia<\/strong> para el cuidado de las mismas y por del Cabildo de la Catedral para la entrada y gesti\u00f3n.\u00a0Mi consejo es que te informes de esos puntos de inter\u00e9s en la web\u00a0<a href=\"http:\/\/www.hotelesvalencia.es\/zona\/alrededores-de-la-catedral\/\" target=\"_blank\">http:\/\/www.hotelesvalencia.es<\/a>\u00a0para que nadie te recuerde que te perdiste uno de esos\u00a0<strong>puntos de paso obligado<\/strong>.<\/p>\n<figure id=\"attachment_1336\" aria-describedby=\"caption-attachment-1336\" style=\"width: 570px\" class=\"wp-caption alignnone\"><a href=\"http:\/\/www.guias.travel\/wp-content\/uploads\/2013\/07\/El-Micalet-Valencia-CostaFotografo_es-04.jpg\"><img decoding=\"async\" class=\"size-full wp-image-1336\" alt=\"Escalera de caracol de el Micalet (Valencia) \u00a9 CostaFotografo.es\" title=\"Escalera de caracol de el Micalet (Valencia) \u00a9 CostaFotografo.es\" src=\"http:\/\/www.guias.travel\/wp-content\/uploads\/2013\/07\/El-Micalet-Valencia-CostaFotografo_es-04.jpg\" width=\"570\" srcset=\"https:\/\/www.guias.travel\/blog\/wp-content\/uploads\/2013\/07\/El-Micalet-Valencia-CostaFotografo_es-04.jpg 1000w, https:\/\/www.guias.travel\/blog\/wp-content\/uploads\/2013\/07\/El-Micalet-Valencia-CostaFotografo_es-04-300x225.jpg 300w\" sizes=\"(max-width: 1000px) 100vw, 1000px\" \/><\/a><figcaption id=\"caption-attachment-1336\" class=\"wp-caption-text\">Escalera de caracol de el Micalet (Valencia) \u00a9 CostaFotografo.es<\/figcaption><\/figure>\n<style>@import url(\"http:\/\/www.guias.travel\/wp-content\/themes\/Guiastravel\/vuelos_guias.css\");<\/style>\n<div class=\"esv-form-MEV esv-form-600x150\"><\/div>\n<p><script charset=\"iso-8859-1\" type=\"text\/javascript\" src=\"http:\/\/cdn.ev.mu\/js\/optim\/gg_cc\/ev\/boot.js#load=pages.www.easyvolsorg.initforms&amp;site=404&amp;codeClient=1&amp;lang=es_ES&amp;esvVolRecherche=http:\/\/www.guias.travel\/resultados-vuelos\/\"><\/script><\/p>\n<p><script type=\"text\/javascript\">\nwindow.evData={\nesvDepartMEV :'',\nesvArriveeMEV :'Valencia'\n};\n<\/script><\/p>\n<p style=\"text-align: justify;\">Recursos para el Viaje:<\/p>\n<p style=\"text-align: justify;\">Hoteles: <a href=\"http:\/\/www.guias.travel\/ver\/?city\/es\/valencia.es.html\">http:\/\/www.guias.travel\/ver\/?city\/es\/valencia.es.html<\/a><br \/>\nVuelos: <a href=\"http:\/\/www.guias.travel\/vuelos\/\">http:\/\/www.guias.travel\/vuelos\/<\/a><br \/>\nTours y Actividades para hacer en Valencia: <a href=\"http:\/\/www.guias.travel\/ver-tours\/?Valencia\/d811-ttd\">http:\/\/www.guias.travel\/ver-tours\/?Valencia\/d811-ttd<\/a><br \/>\nOtros lugares para visitar en Valencia: <a href=\"http:\/\/www.hotelesvalencia.es\/zona\/lugares-para-visitar\/\" target=\"_blank\">http:\/\/www.hotelesvalencia.es\/zona\/lugares-para-visitar\/<\/a><\/p>\n","protected":false},"excerpt":{"rendered":"<p>Si eres amante de lo bello y vas a visitar Valencia debes saber que no te equivocas de destino. Porque en la ciudad de Valencia tienes una mezcla de monumentos bellos de antes y de ahora que satisfar\u00e1n las delicias de los m\u00e1s exigentes dejando el list\u00f3n realmente elevado. En el grupo de \u00abmoderno\u00bb podemos<\/p>\n","protected":false},"author":5,"featured_media":1333,"comment_status":"open","ping_status":"open","sticky":false,"template":"","format":"standard","meta":[],"categories":[76],"tags":[731,730,728,725,726,602,727,729],"aioseo_notices":[],"_links":{"self":[{"href":"https:\/\/www.guias.travel\/blog\/wp-json\/wp\/v2\/posts\/1332"}],"collection":[{"href":"https:\/\/www.guias.travel\/blog\/wp-json\/wp\/v2\/posts"}],"about":[{"href":"https:\/\/www.guias.travel\/blog\/wp-json\/wp\/v2\/types\/post"}],"author":[{"embeddable":true,"href":"https:\/\/www.guias.travel\/blog\/wp-json\/wp\/v2\/users\/5"}],"replies":[{"embeddable":true,"href":"https:\/\/www.guias.travel\/blog\/wp-json\/wp\/v2\/comments?post=1332"}],"version-history":[{"count":18,"href":"https:\/\/www.guias.travel\/blog\/wp-json\/wp\/v2\/posts\/1332\/revisions"}],"predecessor-version":[{"id":1441,"href":"https:\/\/www.guias.travel\/blog\/wp-json\/wp\/v2\/posts\/1332\/revisions\/1441"}],"wp:featuredmedia":[{"embeddable":true,"href":"https:\/\/www.guias.travel\/blog\/wp-json\/wp\/v2\/media\/1333"}],"wp:attachment":[{"href":"https:\/\/www.guias.travel\/blog\/wp-json\/wp\/v2\/media?parent=1332"}],"wp:term":[{"taxonomy":"category","embeddable":true,"href":"https:\/\/www.guias.travel\/blog\/wp-json\/wp\/v2\/categories?post=1332"},{"taxonomy":"post_tag","embeddable":true,"href":"https:\/\/www.guias.travel\/blog\/wp-json\/wp\/v2\/tags?post=1332"}],"curies":[{"name":"wp","href":"https:\/\/api.w.org\/{rel}","templated":true}]}}