{"id":2254,"date":"2013-12-27T06:00:11","date_gmt":"2013-12-27T06:00:11","guid":{"rendered":"http:\/\/www.staging-guiastravel.kinsta.cloud\/?p=2254"},"modified":"2013-12-27T20:10:16","modified_gmt":"2013-12-27T20:10:16","slug":"que-te-parece-visitar-un-chartres-hortera-y-agricola","status":"publish","type":"post","link":"https:\/\/www.guias.travel\/blog\/que-te-parece-visitar-un-chartres-hortera-y-agricola\/","title":{"rendered":"\u00bfQu\u00e9 te parece visitar un Chartres hortera y agr\u00edcola?"},"content":{"rendered":"<p align=\"JUSTIFY\"><span style=\"color: #333333;\"><span style=\"font-family: Arial, sans-serif;\"><span style=\"font-size: medium;\"><b>Chartres <\/b>es famosa por su catedral arrebatadoramente g\u00f3tica, impresionante, con sus agujas de te llevan la mirada al cielo y vidrieras de colores que en d\u00edas soleados de verano te abren esa mirada a brillos y tonos dif\u00edciles de olvidar.<\/span><\/span><\/span><\/p>\n<p align=\"JUSTIFY\"><span style=\"color: #333333;\"><span style=\"font-family: Arial, sans-serif;\"><span style=\"font-size: medium;\">Pero <b>Chartres<\/b>, adem\u00e1s de su casco antiguo y de las casonas y mansiones de su comarca tiene entre sus calles dos curiosidades que no me resisto a proponerte que veas para que incluyas en tu <b>tour de Chartes <\/b>particular.<\/span><\/span><\/span><\/p>\n<p><!--more--><\/p>\n<p align=\"JUSTIFY\"><span style=\"color: #333333;\"><span style=\"font-family: Arial, sans-serif;\"><span style=\"font-size: medium;\">Me refiero a una casa particular de composici\u00f3n extravagante, la <b>Maison Picassiette<\/b>, y un museo del tractor, s\u00ed como lo lees, de aperos, instrumentos y mec\u00e1nica antigua para trabajar el campo. Un museo \u00fanico en su estilo. Te los comento por separado.<\/span><\/span><\/span><\/p>\n<p align=\"JUSTIFY\"><span style=\"color: #2c2c2c;\"><span style=\"font-family: Arial, sans-serif;\"><span style=\"font-size: medium;\">-La <\/span><\/span><\/span><span style=\"color: #2c2c2c;\"><span style=\"font-family: Arial, sans-serif;\"><span style=\"font-size: medium;\"><b>Maison Picassiette<\/b><\/span><\/span><\/span><span style=\"color: #2c2c2c;\"><span style=\"font-family: Arial, sans-serif;\"><span style=\"font-size: medium;\">. Se trata de una casa situada en el mismo <\/span><\/span><\/span><span style=\"color: #2c2c2c;\"><span style=\"font-family: Arial, sans-serif;\"><span style=\"font-size: medium;\"><b>Chartres<\/b><\/span><\/span><\/span><span style=\"color: #2c2c2c;\"><span style=\"font-family: Arial, sans-serif;\"><span style=\"font-size: medium;\"> que se puede visitar, que tiene alg\u00fan renombre internacional por su originalidad y sobre la que tengo algo complicado explicar de qu\u00e9 va. La llaman &#8216;La Casa del Mill\u00f3n de Piezas&#8217; y para ser sinceros, es incalificable.<\/span><\/span><\/span><\/p>\n<p align=\"JUSTIFY\"><span style=\"color: #2c2c2c;\"><span style=\"font-family: Arial, sans-serif;\"><span style=\"font-size: medium;\">Te podr\u00eda decir que es una vivienda tradicional algo r\u00fastica que su propietario Raymond Isidore (1890-1964) tard\u00f3 en terminar tal como est\u00e1 algo m\u00e1s de treinta a\u00f1os. Est\u00e1 decorada con desperdicios, restos de vidrios, de botellas, de cristales pegados a las paredes al estilo de mosaicos sin concierto.<\/span><\/span><\/span><\/p>\n<p align=\"JUSTIFY\"><span style=\"color: #2c2c2c;\"><span style=\"font-family: Arial, sans-serif;\"><span style=\"font-size: medium;\">Y ese es su extra\u00f1o encanto. Es un ejemplo de lo que se ha dado en llamar arquitectura na\u00efve, arte autodidacta. La casa es ideal para llevar ni\u00f1os y para recrearse en los muebles, en los jarrones del exterior. La <\/span><\/span><\/span><span style=\"color: #2c2c2c;\"><span style=\"font-family: Arial, sans-serif;\"><span style=\"font-size: medium;\"><b>Maison Picassiette<\/b><\/span><\/span><\/span><span style=\"color: #2c2c2c;\"><span style=\"font-family: Arial, sans-serif;\"><span style=\"font-size: medium;\"> est\u00e1 a unos cuarenta minutos a pie de la <\/span><\/span><\/span><span style=\"color: #2c2c2c;\"><span style=\"font-family: Arial, sans-serif;\"><span style=\"font-size: medium;\"><b>Catedral de Chartres <\/b><\/span><\/span><\/span><span style=\"color: #2c2c2c;\"><span style=\"font-family: Arial, sans-serif;\"><span style=\"font-size: medium;\">en el 20 de la Rue du Repos. Un dato m\u00e1s, no dejan sacar fotos.<\/span><\/span><\/span><\/p>\n<p align=\"JUSTIFY\"><span style=\"color: #2c2c2c;\"><span style=\"font-family: Arial, sans-serif;\"><span style=\"font-size: medium;\">Vamos con el otro museo.<\/span><\/span><\/span><\/p>\n<p align=\"JUSTIFY\"><span style=\"color: #2c2c2c;\"><span style=\"font-family: Arial, sans-serif;\"><span style=\"font-size: medium;\">&#8211;<\/span><\/span><\/span><span style=\"color: #2c2c2c;\"><span style=\"font-family: Arial, sans-serif;\"><span style=\"font-size: medium;\"><b>Le Compa<\/b><\/span><\/span><\/span><span style=\"color: #2c2c2c;\"><span style=\"font-family: Arial, sans-serif;\"><span style=\"font-size: medium;\">,<\/span><\/span><\/span><span style=\"color: #000000;\"><span style=\"font-family: Arial, sans-serif;\"><span style=\"font-size: medium;\"><b>Conservatoire de l&#8217;agriculture<\/b><\/span><\/span><\/span><span style=\"color: #2c2c2c;\"><span style=\"font-family: Arial, sans-serif;\"><span style=\"font-size: medium;\">. Es una exposici\u00f3n agr\u00edcola permanente dedicada a la maquinaria antigua. Tractores para el campo, para arar, cosechar, para procesar cereales, fruta y para transportar lo que da la tierra a campos y almacenes. En su g\u00e9nero, es un museo original. Muy propio de una zona agr\u00edcola con la de los <\/span><\/span><\/span><span style=\"color: #2c2c2c;\"><span style=\"font-family: Arial, sans-serif;\"><span style=\"font-size: medium;\"><b>alrededores de Chartres<\/b><\/span><\/span><\/span><span style=\"color: #2c2c2c;\"><span style=\"font-family: Arial, sans-serif;\"><span style=\"font-size: medium;\">, con sus vinos y dem\u00e1s.<\/span><\/span><\/span><\/p>\n<p align=\"JUSTIFY\"><span style=\"color: #2c2c2c;\"><span style=\"font-family: Arial, sans-serif;\"><span style=\"font-size: medium;\">El museo tiene exposiciones monogr\u00e1ficas peri\u00f3dicas dedicadas a diferentes usos y elementos que se usaron en las tareas del campo a lo largo de todos los tiempos, tambi\u00e9n una tienda con recuerdos relacionados con los temas del museo \u00a1Ah!, no dejes de ver una de las piezas m\u00e1s valiosas de la colecci\u00f3n, un viejo tractor de 1916, el John Deere Waterloo Boy. <\/span><\/span><\/span><span style=\"color: #2c2c2c;\"><span style=\"font-family: Arial, sans-serif;\"><span style=\"font-size: medium;\"><b>Le Compa<\/b><\/span><\/span><\/span><span style=\"color: #2c2c2c;\"><span style=\"font-family: Arial, sans-serif;\"><span style=\"font-size: medium;\"> est\u00e1 cerca de la Estaci\u00f3n de Tren de <\/span><\/span><\/span><span style=\"color: #2c2c2c;\"><span style=\"font-family: Arial, sans-serif;\"><span style=\"font-size: medium;\"><b>Chartres<\/b><\/span><\/span><\/span><span style=\"color: #2c2c2c;\"><span style=\"font-family: Arial, sans-serif;\"><span style=\"font-size: medium;\"> en Pont de Mainvilliers<\/span><\/span><\/span><span style=\"color: #2c2c2c;\"><span style=\"font-family: Arial, Tahoma, 'Bitstream Vera Sans', sans-serif;\"><span>.<\/span><\/span><\/span><\/p>\n<p align=\"JUSTIFY\"><span style=\"font-family: Arial, sans-serif;\"><span style=\"font-size: medium;\"><span style=\"color: #2c2c2c;\">\u00bfHas tomado nota de las dos referencias? En cualquier caso, si vas a <\/span><span style=\"color: #2c2c2c;\"><b>Chartres<\/b><\/span><span style=\"color: #2c2c2c;\">, que est\u00e1 a unos cien kil\u00f3metros al suroeste de la capital <\/span><span style=\"color: #2c2c2c;\"><b>Par\u00eds<\/b><\/span><span style=\"color: #2c2c2c;\">, tal vez te interese conocer otras propuestas, alojamientos, <\/span><span style=\"color: #2c2c2c;\"><b>excursiones de un solo d\u00eda en los alrededores de Par\u00eds<\/b><\/span><span style=\"color: #2c2c2c;\">, informaci\u00f3n sobre transportes, audiogu\u00edas y dem\u00e1s.<\/span><\/span><\/span><\/p>\n<p align=\"JUSTIFY\"><span style=\"font-family: Arial, sans-serif;\"><span style=\"font-size: medium;\"><span style=\"color: #2c2c2c;\">Si es as\u00ed, te paso un enlace con el que podr\u00e1s organizarte. Pica en el link que sigue para acceder a la <\/span><span style=\"color: #2c2c2c;\"><b>informaci\u00f3n sobre Chartres<\/b><\/span><span style=\"color: #2c2c2c;\">, Par\u00eds y, si quieres, tambi\u00e9n otros destinos en <\/span><span style=\"color: #2c2c2c;\"><b>Francia<\/b><\/span><span style=\"color: #2c2c2c;\">. \u00a0 \u00a0 \u00a0 \u00a0 \u00a0 \u00a0<\/span><\/span><\/span><span style=\"font-family: Arial, sans-serif;\"><span style=\"font-size: medium;\"><a href=\"http:\/\/www.viajaraparis.com\/?page=chartres.php\">http:\/\/www.viajaraparis.com\/?page=chartres.php<\/a><\/span><\/span><\/p>\n<p align=\"JUSTIFY\"><span style=\"font-family: Arial, sans-serif;\"><span style=\"font-size: medium;\"><b>Chartres<\/b><\/span><\/span><span style=\"font-family: Arial, sans-serif;\"><span style=\"font-size: medium;\"> en una honda hortera y agr\u00edcola.<\/span><\/span><\/p>\n<figure id=\"attachment_2256\" aria-describedby=\"caption-attachment-2256\" style=\"width: 553px\" class=\"wp-caption aligncenter\"><a href=\"http:\/\/www.guias.travel\/wp-content\/uploads\/2013\/12\/Maison-Picasiette-Wikipedia-Commons-by.jpg\" target=\"_blank\"><img decoding=\"async\" loading=\"lazy\" class=\"size-full wp-image-2256 \" title=\"Maison Picasiette \" alt=\"Maison Picasiette.\" src=\"http:\/\/www.guias.travel\/wp-content\/uploads\/2013\/12\/Maison-Picasiette-Wikipedia-Commons-by.jpg\" width=\"553\" height=\"369\" srcset=\"https:\/\/www.guias.travel\/blog\/wp-content\/uploads\/2013\/12\/Maison-Picasiette-Wikipedia-Commons-by.jpg 553w, https:\/\/www.guias.travel\/blog\/wp-content\/uploads\/2013\/12\/Maison-Picasiette-Wikipedia-Commons-by-300x200.jpg 300w\" sizes=\"(max-width: 553px) 100vw, 553px\" \/><\/a><figcaption id=\"caption-attachment-2256\" class=\"wp-caption-text\">Maison Picasiette.<\/figcaption><\/figure>\n<style>@import url(\"http:\/\/www.guias.travel\/wp-content\/themes\/Guiastravel\/vuelos_guias.css\");<\/style>\n<div class=\"esv-form-MEV esv-form-600x150\"><\/div>\n<p><script charset=\"iso-8859-1\" type=\"text\/javascript\" src=\"http:\/\/cdn.ev.mu\/js\/optim\/gg_cc\/ev\/boot.js#load=pages.www.easyvolsorg.initforms&amp;site=404&amp;codeClient=1&amp;lang=es_ES&amp;esvVolRecherche=http:\/\/www.guias.travel\/resultados-vuelos\/\"><\/script><\/p>\n<p><script type=\"text\/javascript\">\nwindow.evData={\nesvDepartMEV :'',\nesvArriveeMEV :'Paris'\n};\n<\/script><\/p>\n<p>Recursos para el Viaje:<\/p>\n<p>Hoteles: <a href=\"http:\/\/www.guias.travel\/ver\/?city\/fr\/paris.es.html\">http:\/\/www.guias.travel\/ver\/?city\/fr\/paris.es.html<\/a><br \/>\nVuelos: <a href=\"http:\/\/www.guias.travel\/vuelos\/\">http:\/\/www.guias.travel\/vuelos\/<\/a><br \/>\nTours y Actividades para hacer en Paris: <a href=\"http:\/\/www.guias.travel\/ver-tours\/?Paris\/d479-ttd\">http:\/\/www.guias.travel\/ver-tours\/?Paris\/d479-ttd<\/a><br \/>\nGu\u00eda de turismo de Par\u00eds: <a href=\"http:\/\/www.viajaraparis.com\" target=\"_blank\">http:\/\/www.viajaraparis.com<\/a><\/p>\n","protected":false},"excerpt":{"rendered":"<p>Chartres es famosa por su catedral arrebatadoramente g\u00f3tica, impresionante, con sus agujas de te llevan la mirada al cielo y vidrieras de colores que en d\u00edas soleados de verano te abren esa mirada a brillos y tonos dif\u00edciles de olvidar. Pero Chartres, adem\u00e1s de su casco antiguo y de las casonas y mansiones de su<\/p>\n","protected":false},"author":2,"featured_media":2255,"comment_status":"open","ping_status":"open","sticky":false,"template":"","format":"standard","meta":[],"categories":[1226,163],"tags":[1233,1232,2492,1229,1136,579,1231,1228,1227,1230],"aioseo_notices":[],"_links":{"self":[{"href":"https:\/\/www.guias.travel\/blog\/wp-json\/wp\/v2\/posts\/2254"}],"collection":[{"href":"https:\/\/www.guias.travel\/blog\/wp-json\/wp\/v2\/posts"}],"about":[{"href":"https:\/\/www.guias.travel\/blog\/wp-json\/wp\/v2\/types\/post"}],"author":[{"embeddable":true,"href":"https:\/\/www.guias.travel\/blog\/wp-json\/wp\/v2\/users\/2"}],"replies":[{"embeddable":true,"href":"https:\/\/www.guias.travel\/blog\/wp-json\/wp\/v2\/comments?post=2254"}],"version-history":[{"count":2,"href":"https:\/\/www.guias.travel\/blog\/wp-json\/wp\/v2\/posts\/2254\/revisions"}],"predecessor-version":[{"id":2265,"href":"https:\/\/www.guias.travel\/blog\/wp-json\/wp\/v2\/posts\/2254\/revisions\/2265"}],"wp:featuredmedia":[{"embeddable":true,"href":"https:\/\/www.guias.travel\/blog\/wp-json\/wp\/v2\/media\/2255"}],"wp:attachment":[{"href":"https:\/\/www.guias.travel\/blog\/wp-json\/wp\/v2\/media?parent=2254"}],"wp:term":[{"taxonomy":"category","embeddable":true,"href":"https:\/\/www.guias.travel\/blog\/wp-json\/wp\/v2\/categories?post=2254"},{"taxonomy":"post_tag","embeddable":true,"href":"https:\/\/www.guias.travel\/blog\/wp-json\/wp\/v2\/tags?post=2254"}],"curies":[{"name":"wp","href":"https:\/\/api.w.org\/{rel}","templated":true}]}}