{"id":5186,"date":"2017-08-31T06:00:03","date_gmt":"2017-08-31T06:00:03","guid":{"rendered":"http:\/\/www.staging-guiastravel.kinsta.cloud\/?p=5186"},"modified":"2017-08-09T13:09:49","modified_gmt":"2017-08-09T13:09:49","slug":"verzetsmuseum-el-mejor-museo-historico-de-holanda","status":"publish","type":"post","link":"https:\/\/www.guias.travel\/blog\/verzetsmuseum-el-mejor-museo-historico-de-holanda\/","title":{"rendered":"Verzetsmuseum, el mejor museo hist\u00f3rico de Holanda"},"content":{"rendered":"<p><span style=\"font-family: Arial, sans-serif;\"><span style=\"font-size: small;\">El <b>Verzetsmuseum <\/b>de <b>\u00c1msterdam <\/b>es el Museo de la Resistencia de la capital holandesa. Est\u00e1 dedicado a la memoria de quienes lucharon contra la ocupaci\u00f3n alemana durante la Segunda Guerra Mundial. Est\u00e1 situado en el barrio de Plantage de<b> \u00c1msterdam<\/b> y muchos lo consideran el mejor museo de car\u00e1cter hist\u00f3rico de Holanda.<\/span><\/span><!--more--><\/p>\n<p align=\"JUSTIFY\"><span style=\"font-family: Arial, sans-serif;\"><span style=\"font-size: small;\">El Museo de la Resistencia se fund\u00f3 en 1984. Inicialmente, se estableci\u00f3 en la Sinagoga Lekstraat, construida en 1935 por Abraham Elzas. Actualmente, est\u00e1 situada en el 61 de la calle Kerklaan, frente a la entrada principal del Artis. <\/span><\/span><\/p>\n<p align=\"JUSTIFY\"><span style=\"font-family: Arial, sans-serif;\"><span style=\"font-size: small;\">La ocupaci\u00f3n de los Pa\u00edses Bajos durante la Segunda Guerra Mundial fue larga, desde el 14 de mayo de 1940 al 5 de mayo de 1945, casi cinco a\u00f1os. Muchos holandeses no se resignaron a vivir sometidos al gobierno de los nazis y actuaron con acciones de represalia y terrorismo en entornos urbanos para pon\u00e9rselo dif\u00edcil a los ocupantes. <\/span><\/span><\/p>\n<p align=\"JUSTIFY\"><span style=\"font-family: Arial, sans-serif;\"><span style=\"font-size: small;\">Recreaci\u00f3n realista<\/span><\/span><\/p>\n<p align=\"JUSTIFY\"><span style=\"font-family: Arial, sans-serif;\"><span style=\"font-size: small;\">Lo mejor de este museo es la recreaci\u00f3n que se hace en sus salas de las calles de <b>\u00c1msterdam<\/b> durante el periodo de ocupaci\u00f3n, se consigue trasladar al visitante a la atm\u00f3sfera de aquellos d\u00edas. En la exposici\u00f3n permanente, no faltan objetos, pel\u00edculas, sonidos e im\u00e1genes para recrear aspectos y pasajes muy concretos de la vida cotidiana de los ciudadanos de la capital holandesa. Vida cotidiana, pero tambi\u00e9n eventos hist\u00f3ricos excepcionales, actos de heroismo y formas de resistencia de la poblaci\u00f3n.<\/span><\/span><\/p>\n<p align=\"JUSTIFY\"><span style=\"font-family: Arial, sans-serif;\"><span style=\"font-size: small;\">El edifcio que alberga el <b>Verzetsmuseum<\/b> lleva la Estrella de David de los jud\u00edos y el nombre de Petrus Plancius (1550-1622), cl\u00e9rigo y ge\u00f3grafo del Renacimiento holand\u00e9s. El edificio fue levantado en 1876 por la sociedad de canto jud\u00eda Oefening Baart Kunst. Se us\u00f3 durante muchos a\u00f1os como centro cultural y sinagoga jud\u00eda.<\/span><\/span><\/p>\n<p align=\"JUSTIFY\"><span style=\"font-family: Arial, sans-serif;\"><span style=\"font-size: small;\">La sociedad Oefening Baart Kunst mantuvo el nombre de Plancius para su edificio para subrayar su respeto a las tradiciones hist\u00f3ricas de la ciudad de<b> \u00c1msterdam<\/b>. Ese era el nombre de la vieja casa que estaba en este lugar antes. Durante mucho tiempo, el edificio de Plancius combin\u00f3 usos diferentes. Desde 1999, tras su renovaci\u00f3n, es la sede del <b>Verzetsmuseum<\/b>.<\/span><\/span><\/p>\n<p align=\"JUSTIFY\"><span style=\"font-family: Arial, sans-serif;\"><span style=\"font-size: small;\">Si sientes curiosidad por <b>conocer el Verzetsmuseum<\/b>, te animo a <b>descubrir \u00c1msterdam<\/b>, con<b> Viajaraamsterdam.com<\/b>, que te ofrece <b>excursiones de un solo d\u00eda en los alrededores de \u00c1msterdam<\/b> y mucho m\u00e1s. Pica en el enlace: <b>Viajaraamsterdam.com<\/b>. Feliz viaje.<\/span><\/span><\/p>\n<figure id=\"attachment_5188\" aria-describedby=\"caption-attachment-5188\" style=\"width: 580px\" class=\"wp-caption aligncenter\"><a href=\"http:\/\/www.guias.travel\/wp-content\/uploads\/2017\/08\/Verzetsmuseum-2.jpg\" target=\"_blank\" rel=\"attachment wp-att-5188 noopener noreferrer\"><img decoding=\"async\" loading=\"lazy\" class=\"wp-image-5188 size-full\" src=\"http:\/\/www.guias.travel\/wp-content\/uploads\/2017\/08\/Verzetsmuseum-2.jpg\" alt=\"\" width=\"580\" height=\"435\" srcset=\"https:\/\/www.guias.travel\/blog\/wp-content\/uploads\/2017\/08\/Verzetsmuseum-2.jpg 580w, https:\/\/www.guias.travel\/blog\/wp-content\/uploads\/2017\/08\/Verzetsmuseum-2-300x225.jpg 300w\" sizes=\"(max-width: 580px) 100vw, 580px\" \/><\/a><figcaption id=\"caption-attachment-5188\" class=\"wp-caption-text\">El Verzetsmuseum.<\/figcaption><\/figure>\n","protected":false},"excerpt":{"rendered":"<p>El Verzetsmuseum de \u00c1msterdam es el Museo de la Resistencia de la capital holandesa. Est\u00e1 dedicado a la memoria de quienes lucharon contra la ocupaci\u00f3n alemana durante la Segunda Guerra Mundial. Est\u00e1 situado en el barrio de Plantage de \u00c1msterdam y muchos lo consideran el mejor museo de car\u00e1cter hist\u00f3rico de Holanda.<\/p>\n","protected":false},"author":2,"featured_media":5187,"comment_status":"open","ping_status":"open","sticky":false,"template":"","format":"standard","meta":[],"categories":[70],"tags":[2405,2568,2569,1069,2567,926,72],"aioseo_notices":[],"_links":{"self":[{"href":"https:\/\/www.guias.travel\/blog\/wp-json\/wp\/v2\/posts\/5186"}],"collection":[{"href":"https:\/\/www.guias.travel\/blog\/wp-json\/wp\/v2\/posts"}],"about":[{"href":"https:\/\/www.guias.travel\/blog\/wp-json\/wp\/v2\/types\/post"}],"author":[{"embeddable":true,"href":"https:\/\/www.guias.travel\/blog\/wp-json\/wp\/v2\/users\/2"}],"replies":[{"embeddable":true,"href":"https:\/\/www.guias.travel\/blog\/wp-json\/wp\/v2\/comments?post=5186"}],"version-history":[{"count":1,"href":"https:\/\/www.guias.travel\/blog\/wp-json\/wp\/v2\/posts\/5186\/revisions"}],"predecessor-version":[{"id":5189,"href":"https:\/\/www.guias.travel\/blog\/wp-json\/wp\/v2\/posts\/5186\/revisions\/5189"}],"wp:featuredmedia":[{"embeddable":true,"href":"https:\/\/www.guias.travel\/blog\/wp-json\/wp\/v2\/media\/5187"}],"wp:attachment":[{"href":"https:\/\/www.guias.travel\/blog\/wp-json\/wp\/v2\/media?parent=5186"}],"wp:term":[{"taxonomy":"category","embeddable":true,"href":"https:\/\/www.guias.travel\/blog\/wp-json\/wp\/v2\/categories?post=5186"},{"taxonomy":"post_tag","embeddable":true,"href":"https:\/\/www.guias.travel\/blog\/wp-json\/wp\/v2\/tags?post=5186"}],"curies":[{"name":"wp","href":"https:\/\/api.w.org\/{rel}","templated":true}]}}