{"id":6027,"date":"2020-06-04T18:31:47","date_gmt":"2020-06-04T18:31:47","guid":{"rendered":"https:\/\/www.guias.travel\/blog\/?p=6027"},"modified":"2020-06-04T18:34:13","modified_gmt":"2020-06-04T18:34:13","slug":"el-delta-del-ebro-tierra-de-arroz","status":"publish","type":"post","link":"https:\/\/www.guias.travel\/blog\/el-delta-del-ebro-tierra-de-arroz\/","title":{"rendered":"El delta del Ebro: tierra de arroz"},"content":{"rendered":"<p>Seg\u00fan cuentan, hay noticias documentadas sobre algunos intentos de producir arroz en el <strong>delta del Ebro<\/strong> ya en el siglo XV.<!--more--> En 1697 los monjes del <strong>convento de Benifass\u00e0<\/strong> lo volvieron a intentar en la zona de la Carrova de Amposta. Y en 1719 se obtuvieron algunas autorizaciones para cultivarlo en las zonas de la Ribera. No obstante, fue en 1859 una vez que hubo entrado en servicio el <strong>canal de la derecha del Ebro<\/strong>, cuando empezaron a realizarse las primeras pruebas para ver si era posible el cultivo del <strong>arroz en el delta del Ebro. <\/strong><\/p>\n<p>La experiencia fue positiva y al a\u00f1o siguiente ya se pudo recolectar la primera cosecha. Si bien las plagas de <strong>paludismo<\/strong> (malaria) que se sucedieron desde el minuto cero abrieron un intenso debate sobre la conveniencia de desarrollar ese cultivo, lo cierto y seguro es que el n\u00famero de hect\u00e1reas cultivadas no par\u00f3 de crecer. El <strong>esfuerzo fue tit\u00e1nico<\/strong>. Pr\u00e1cticamente con las manos como herramientas y con la ayuda de las caballerizas se rompieron, allanaron, colmataron y delimitaron enormes extensiones de prado, de humedales, tierras pantanosas y ca\u00f1izos, de pozas, turberas y surgencias.<\/p>\n<p>Empezaron a aparecer <strong>peque\u00f1os canales y acequias,<\/strong> derivados del principal, bien fuera para conducir el agua hacia los \u201c<strong>cuadros de arroz\u201d<\/strong> o para desguazarlos. Grupos y camarillas de agricultores valencianos, con mayor experiencia en el cultivo, trabajaban en las \u00e9pocas en que se intensificaban las tareas. Todo el territorio fue cambiando y adapt\u00e1ndose a la nueva realidad.<\/p>\n<p>El 10 de mayo de 1860 se publica una<strong> Real Orden<\/strong> sobre la normativa <strong>reguladora del cultivo del arroz<\/strong>, lo que significar\u00e1 un gran cambio con la posibilidad de cultivar arroz en los terrenos pantanosos, en los cuales el estancamiento de las aguas podr\u00eda resultar perjudicial para la salud p\u00fablica. A partir de 1867, es cuando se inicia realmente la <strong>colonizaci\u00f3n del delta derecho<\/strong>. En mayo de 1912 entr\u00f3 en servicio el <strong>canal de Izquierda<\/strong> del Ebro. Podr\u00edamos decir que en los \u00faltimos 160 a\u00f1os ha condicionado el paisaje, el ciclo vital y laboral de los habitantes y la ocupaci\u00f3n y distribuci\u00f3n del territorio.<\/p>\n<p>En la actualidad el<strong> 83% del total de la superficie<\/strong> cultivada del delta del Ebro son arrozales, unas <strong>20.400 hect\u00e1reas<\/strong> de las que buena parte est\u00e1n amparadas por la <strong>Denominaci\u00f3n de Origen Protegida Arroz del Delta del Ebro<\/strong> o Arr\u00f2s del Delta de l\u2019Ebre. La producci\u00f3n anual se sit\u00faa entorno a las <strong>135 mil toneladas.<\/strong> Se cultivan <strong>diversas variedades<\/strong>, entre las que cabe citar el bah\u00eda, Tebre, S\u00e9nia, Fonsa, Gleva, Bomba o Montsianell, entre otras.<\/p>\n<p>Perderse por la<strong> red de carreteras secundarias y caminos del delta<\/strong> es siempre una buena experiencia. El paisaje, los <strong>colores,<\/strong> el aspecto, los <strong>olores<\/strong> y la <strong>fauna<\/strong> van cambiando seg\u00fan el <strong>ciclo del cultivo.<\/strong> En invierno los campos aparecen \u00e1ridos y desiertos; en primavera, en el mes de mayo, cuando se <strong>inundan de agua,<\/strong> todo el delta parece un gran espejo que pronto se convierte en una gran alfombra verde cuando en verano empieza a crecer la planta, acabando de un color ocre, amarillento, cuando las espigas maduran antes de ser recolectadas a principios de septiembre. <strong>Todo un espect\u00e1culo para los sentidos<\/strong> y que no deja a nadie indiferente.<\/p>\n<p>Si quieres disfrutar de experiencias y paisajes inolvidables, te recomiendo que lo hagas con\u00a0<a href=\"https:\/\/www.guias.travel\/espana\/delta-del-ebro\/\" target=\"_blank\" rel=\"noopener noreferrer\">alguno de estos tours por el Delta del Ebro<\/a>\u00a0. Clica en el enlace para ver todos los detalles.<\/p>\n<figure id=\"attachment_6029\" aria-describedby=\"caption-attachment-6029\" style=\"width: 770px\" class=\"wp-caption aligncenter\"><img decoding=\"async\" loading=\"lazy\" class=\"wp-image-6029 size-large\" src=\"https:\/\/www.guias.travel\/blog\/wp-content\/uploads\/2020\/06\/20191011_172804-1024x576.jpg\" alt=\"\" width=\"770\" height=\"433\" srcset=\"https:\/\/www.guias.travel\/blog\/wp-content\/uploads\/2020\/06\/20191011_172804-1024x576.jpg 1024w, https:\/\/www.guias.travel\/blog\/wp-content\/uploads\/2020\/06\/20191011_172804-300x169.jpg 300w, https:\/\/www.guias.travel\/blog\/wp-content\/uploads\/2020\/06\/20191011_172804-768x432.jpg 768w\" sizes=\"(max-width: 770px) 100vw, 770px\" \/><figcaption id=\"caption-attachment-6029\" class=\"wp-caption-text\">Campo de arroz a punto de ser recolectado en el delta del Ebro<\/figcaption><\/figure>\n","protected":false},"excerpt":{"rendered":"<p>Seg\u00fan cuentan, hay noticias documentadas sobre algunos intentos de producir arroz en el delta del Ebro ya en el siglo XV.<\/p>\n","protected":false},"author":11,"featured_media":6029,"comment_status":"open","ping_status":"open","sticky":false,"template":"","format":"standard","meta":[],"categories":[475],"tags":[2854,2845,2855,2433,2852,2844,2853],"aioseo_notices":[],"_links":{"self":[{"href":"https:\/\/www.guias.travel\/blog\/wp-json\/wp\/v2\/posts\/6027"}],"collection":[{"href":"https:\/\/www.guias.travel\/blog\/wp-json\/wp\/v2\/posts"}],"about":[{"href":"https:\/\/www.guias.travel\/blog\/wp-json\/wp\/v2\/types\/post"}],"author":[{"embeddable":true,"href":"https:\/\/www.guias.travel\/blog\/wp-json\/wp\/v2\/users\/11"}],"replies":[{"embeddable":true,"href":"https:\/\/www.guias.travel\/blog\/wp-json\/wp\/v2\/comments?post=6027"}],"version-history":[{"count":2,"href":"https:\/\/www.guias.travel\/blog\/wp-json\/wp\/v2\/posts\/6027\/revisions"}],"predecessor-version":[{"id":6030,"href":"https:\/\/www.guias.travel\/blog\/wp-json\/wp\/v2\/posts\/6027\/revisions\/6030"}],"wp:featuredmedia":[{"embeddable":true,"href":"https:\/\/www.guias.travel\/blog\/wp-json\/wp\/v2\/media\/6029"}],"wp:attachment":[{"href":"https:\/\/www.guias.travel\/blog\/wp-json\/wp\/v2\/media?parent=6027"}],"wp:term":[{"taxonomy":"category","embeddable":true,"href":"https:\/\/www.guias.travel\/blog\/wp-json\/wp\/v2\/categories?post=6027"},{"taxonomy":"post_tag","embeddable":true,"href":"https:\/\/www.guias.travel\/blog\/wp-json\/wp\/v2\/tags?post=6027"}],"curies":[{"name":"wp","href":"https:\/\/api.w.org\/{rel}","templated":true}]}}