{"id":6093,"date":"2020-08-03T18:41:04","date_gmt":"2020-08-03T18:41:04","guid":{"rendered":"https:\/\/www.guias.travel\/blog\/?p=6093"},"modified":"2021-01-04T18:18:21","modified_gmt":"2021-01-04T18:18:21","slug":"la-foradada-espectacular-balcon-natural-en-el-montsia","status":"publish","type":"post","link":"https:\/\/www.guias.travel\/blog\/la-foradada-espectacular-balcon-natural-en-el-montsia\/","title":{"rendered":"La Foradada: espectacular balc\u00f3n natural en el Montsi\u00e0"},"content":{"rendered":"<p>Una de las excursiones m\u00e1s habituales por la sierra del <strong>Montsi\u00e0<\/strong> transcurre por la vertiente mar\u00edtima de la misma. Partiendo de <strong>Sant Carles de la R\u00e0pita<\/strong> finaliza en la cima de <strong>la Foradada,<\/strong> a poco menos de 700 metros, desde donde disfrutaremos de una <strong>impresionante panor\u00e1mica<\/strong> sobre el <strong>delta del Ebro<\/strong> y el litoral y a nuestras espaldas toda la planicie del interior de la comarca con la <strong>Sierra de Godall<\/strong> y <strong>Els Ports<\/strong> como tel\u00f3n de fondo. <!--more--><\/p>\n<p>Aunque es una excursi\u00f3n <strong>apta para toda la familia<\/strong> en la parte final tiene algunas pendientes importantes que requieren de un peque\u00f1o esfuerzo. Pero que se ve compensado cuando se pueden contemplar esas magn\u00edficas vistas. La sierra del Montsi\u00e0 presenta unos elevados valores ecol\u00f3gicos como viene a se\u00f1alar su inclusi\u00f3n dentro del Plan de Espacios de Inter\u00e9s Natural (PEIN), la red Natura 2000, Lugar de Importancia Comunitaria (LIC) y Zona de Espacial Protecci\u00f3n para las aves (ZEPA)<br \/>\nEmpezaremos el recorrido en la peque\u00f1a zona destinada a aparcamiento conocida como <strong>\u201cLa explanada\u201d del Coc\u00f3 de Jordi<\/strong>. All\u00ed tomaremos el <strong>PR -83<\/strong>, indicado con se\u00f1ales blancas y amarillas, en direcci\u00f3n a <strong>la Font de Burgar<\/strong>. A nuestro paso vamos encontrado diversas clases de hierbas y arbustos propios de las monta\u00f1as mediterr\u00e1neas: zarzas, tomillo, romero, palmito, aliagas, madro\u00f1os. Buena parte del recorrido transcurre a la sombra de un magn\u00edfico y denso bosque de encinas que de manera an\u00e1rquica se esparcen aqu\u00ed y all\u00e1 compitiendo con hiedras y helechos.<\/p>\n<figure id=\"attachment_6094\" aria-describedby=\"caption-attachment-6094\" style=\"width: 770px\" class=\"wp-caption aligncenter\"><img decoding=\"async\" loading=\"lazy\" class=\"size-large wp-image-6094\" src=\"https:\/\/www.guias.travel\/blog\/wp-content\/uploads\/2020\/08\/Cam\u00ed-de-la-font-1024x768.jpg\" alt=\"\" width=\"770\" height=\"578\" srcset=\"https:\/\/www.guias.travel\/blog\/wp-content\/uploads\/2020\/08\/Cam\u00ed-de-la-font-1024x768.jpg 1024w, https:\/\/www.guias.travel\/blog\/wp-content\/uploads\/2020\/08\/Cam\u00ed-de-la-font-300x225.jpg 300w, https:\/\/www.guias.travel\/blog\/wp-content\/uploads\/2020\/08\/Cam\u00ed-de-la-font-768x576.jpg 768w\" sizes=\"(max-width: 770px) 100vw, 770px\" \/><figcaption id=\"caption-attachment-6094\" class=\"wp-caption-text\">Sendera PR-83 camino de la Font de Burgar<\/figcaption><\/figure>\n<p>El sendero va ascendiendo suavemente serpenteando por las laderas de las colinas que franquean el barranco de la Font. Dejaremos a nuestra derecha un antiguo horno de cal y antes de seguir por un recodo cerrado del camino podemos salirnos de la sendera para contemplar la fuente y la cueva del Llop.<\/p>\n<figure id=\"attachment_6095\" aria-describedby=\"caption-attachment-6095\" style=\"width: 300px\" class=\"wp-caption alignleft\"><img decoding=\"async\" loading=\"lazy\" class=\"size-medium wp-image-6095\" src=\"https:\/\/www.guias.travel\/blog\/wp-content\/uploads\/2020\/08\/Forn-de-cal\u00e7-300x180.jpg\" alt=\"\" width=\"300\" height=\"180\" srcset=\"https:\/\/www.guias.travel\/blog\/wp-content\/uploads\/2020\/08\/Forn-de-cal\u00e7-300x180.jpg 300w, https:\/\/www.guias.travel\/blog\/wp-content\/uploads\/2020\/08\/Forn-de-cal\u00e7-768x461.jpg 768w, https:\/\/www.guias.travel\/blog\/wp-content\/uploads\/2020\/08\/Forn-de-cal\u00e7-1024x614.jpg 1024w\" sizes=\"(max-width: 300px) 100vw, 300px\" \/><figcaption id=\"caption-attachment-6095\" class=\"wp-caption-text\">Horno de cal al lado del sendero<\/figcaption><\/figure>\n<figure id=\"attachment_6096\" aria-describedby=\"caption-attachment-6096\" style=\"width: 300px\" class=\"wp-caption alignright\"><img decoding=\"async\" loading=\"lazy\" class=\"size-medium wp-image-6096\" src=\"https:\/\/www.guias.travel\/blog\/wp-content\/uploads\/2020\/08\/Font-del-Llop-3-300x180.jpg\" alt=\"Fuente del llop\" width=\"300\" height=\"180\" srcset=\"https:\/\/www.guias.travel\/blog\/wp-content\/uploads\/2020\/08\/Font-del-Llop-3-300x180.jpg 300w, https:\/\/www.guias.travel\/blog\/wp-content\/uploads\/2020\/08\/Font-del-Llop-3-768x461.jpg 768w, https:\/\/www.guias.travel\/blog\/wp-content\/uploads\/2020\/08\/Font-del-Llop-3-1024x614.jpg 1024w\" sizes=\"(max-width: 300px) 100vw, 300px\" \/><figcaption id=\"caption-attachment-6096\" class=\"wp-caption-text\">Fuente del Llop<\/figcaption><\/figure>\n<p>&nbsp;<\/p>\n<p>&nbsp;<\/p>\n<p>&nbsp;<\/p>\n<p>&nbsp;<\/p>\n<p>&nbsp;<\/p>\n<p>&nbsp;<\/p>\n<p>&nbsp;<\/p>\n<p>&nbsp;<\/p>\n<p>&nbsp;<\/p>\n<p>&nbsp;<\/p>\n<p>&nbsp;<\/p>\n<p>&nbsp;<\/p>\n<p>&nbsp;<\/p>\n<p>A partir de este punto el camino se empina un poco m\u00e1s hasta cruzarse con el <strong>GR-92<\/strong> que viene de la parte de Amposta. A los cinco minutos de transitar por esta sendera llegamos a la primera parada obligatoria. <strong>La Font de Burgar.\u00a0<\/strong>Toda la zona est\u00e1 presidida por unos magn\u00edficos ejemplares centenarios de encinas. Se pueden visitar otros dos hornos de cal, con paneles informativos y reseguir las explicaciones sobre la flora y la fauna de este delicioso rinc\u00f3n.<\/p>\n<figure id=\"attachment_6097\" aria-describedby=\"caption-attachment-6097\" style=\"width: 770px\" class=\"wp-caption aligncenter\"><img decoding=\"async\" loading=\"lazy\" class=\"size-large wp-image-6097\" src=\"https:\/\/www.guias.travel\/blog\/wp-content\/uploads\/2020\/08\/Carrasca-Font-Burgar-2-1024x768.jpg\" alt=\"\" width=\"770\" height=\"578\" srcset=\"https:\/\/www.guias.travel\/blog\/wp-content\/uploads\/2020\/08\/Carrasca-Font-Burgar-2-1024x768.jpg 1024w, https:\/\/www.guias.travel\/blog\/wp-content\/uploads\/2020\/08\/Carrasca-Font-Burgar-2-300x225.jpg 300w, https:\/\/www.guias.travel\/blog\/wp-content\/uploads\/2020\/08\/Carrasca-Font-Burgar-2-768x576.jpg 768w\" sizes=\"(max-width: 770px) 100vw, 770px\" \/><figcaption id=\"caption-attachment-6097\" class=\"wp-caption-text\">Encina centenaria en la Font de Burgar<\/figcaption><\/figure>\n<p>La fuente es de las pocas de la sierra que <strong>fluye todo el a\u00f1o<\/strong>. El agua se reparte por siete picas de piedra tallada -construidas en 1846- y se canaliza a un viejo abrevadero que anta\u00f1o daba servicio al numeroso ganado bovino y ovino que llenaba los corrales de las mas\u00edas cercanas. Aconsejamos aprovechar la parada para <strong>hidratarnos y reponer fuerzas.<\/strong><\/p>\n<p>&nbsp;<\/p>\n<figure id=\"attachment_6098\" aria-describedby=\"caption-attachment-6098\" style=\"width: 300px\" class=\"wp-caption aligncenter\"><img decoding=\"async\" loading=\"lazy\" class=\"size-medium wp-image-6098\" src=\"https:\/\/www.guias.travel\/blog\/wp-content\/uploads\/2020\/08\/Font-de-Burgar-2-300x180.jpg\" alt=\"\" width=\"300\" height=\"180\" srcset=\"https:\/\/www.guias.travel\/blog\/wp-content\/uploads\/2020\/08\/Font-de-Burgar-2-300x180.jpg 300w, https:\/\/www.guias.travel\/blog\/wp-content\/uploads\/2020\/08\/Font-de-Burgar-2-768x461.jpg 768w, https:\/\/www.guias.travel\/blog\/wp-content\/uploads\/2020\/08\/Font-de-Burgar-2-1024x614.jpg 1024w\" sizes=\"(max-width: 300px) 100vw, 300px\" \/><figcaption id=\"caption-attachment-6098\" class=\"wp-caption-text\">Fuente de Burgar<\/figcaption><\/figure>\n<p>A partir de este punto el camino empezar\u00e1 a presentar un poco m\u00e1s de desnivel. Subiendo en fila india zigzagueamos ganando altura hasta llegar a los restos de la <strong>antigua mas\u00eda de Matarredona<\/strong>. Situada a unos 600 metros sobre el nivel del mar era la explotaci\u00f3n que se\u00f1oreaba todas las tierras de los contornos. Hay referencias documentales de ella ya en el <strong>siglo XIII<\/strong> y estuvo <strong>habitada hasta el a\u00f1o 1956.<\/strong> Ese a\u00f1o, una gran helada arruin\u00f3 arboles y cosechas y los \u00faltimos \u201cmasovers\u201d decidieron regresar al pueblo de <strong>Freginals.<\/strong><\/p>\n<figure id=\"attachment_6099\" aria-describedby=\"caption-attachment-6099\" style=\"width: 360px\" class=\"wp-caption alignleft\"><img decoding=\"async\" loading=\"lazy\" class=\" wp-image-6099\" src=\"https:\/\/www.guias.travel\/blog\/wp-content\/uploads\/2020\/08\/Vella-Matarredona-300x191.png\" alt=\"\" width=\"360\" height=\"229\" srcset=\"https:\/\/www.guias.travel\/blog\/wp-content\/uploads\/2020\/08\/Vella-Matarredona-300x191.png 300w, https:\/\/www.guias.travel\/blog\/wp-content\/uploads\/2020\/08\/Vella-Matarredona-768x488.png 768w, https:\/\/www.guias.travel\/blog\/wp-content\/uploads\/2020\/08\/Vella-Matarredona.png 960w\" sizes=\"(max-width: 360px) 100vw, 360px\" \/><figcaption id=\"caption-attachment-6099\" class=\"wp-caption-text\">Matarredona a principios del siglo XX<\/figcaption><\/figure>\n<figure id=\"attachment_6100\" aria-describedby=\"caption-attachment-6100\" style=\"width: 305px\" class=\"wp-caption alignright\"><img decoding=\"async\" loading=\"lazy\" class=\" wp-image-6100\" src=\"https:\/\/www.guias.travel\/blog\/wp-content\/uploads\/2020\/08\/Matarredona-1-300x225.jpg\" alt=\"\" width=\"305\" height=\"229\" srcset=\"https:\/\/www.guias.travel\/blog\/wp-content\/uploads\/2020\/08\/Matarredona-1-300x225.jpg 300w, https:\/\/www.guias.travel\/blog\/wp-content\/uploads\/2020\/08\/Matarredona-1-768x576.jpg 768w, https:\/\/www.guias.travel\/blog\/wp-content\/uploads\/2020\/08\/Matarredona-1-1024x768.jpg 1024w\" sizes=\"(max-width: 305px) 100vw, 305px\" \/><figcaption id=\"caption-attachment-6100\" class=\"wp-caption-text\">Ruinas de Matarredona en nuestros dias<\/figcaption><\/figure>\n<p>&nbsp;<\/p>\n<p>&nbsp;<\/p>\n<p>&nbsp;<\/p>\n<p>&nbsp;<\/p>\n<p>&nbsp;<\/p>\n<p>&nbsp;<\/p>\n<p>&nbsp;<\/p>\n<p>En los bancales de la mas\u00eda se practicaba una <strong>econom\u00eda austera<\/strong> y pr\u00e1cticamente de <strong>subsistencia<\/strong>. A la ya mencionada ganader\u00eda y a las aves de corral se un\u00eda una agricultura basada en los cereales \u2013sobretodo trigo y cebada- y algo de huerta y frutales para auto consumo. Dos pozos subministraban el agua necesaria para la explotaci\u00f3n.<\/p>\n<figure id=\"attachment_6101\" aria-describedby=\"caption-attachment-6101\" style=\"width: 300px\" class=\"wp-caption alignleft\"><img decoding=\"async\" loading=\"lazy\" class=\"size-medium wp-image-6101\" src=\"https:\/\/www.guias.travel\/blog\/wp-content\/uploads\/2020\/08\/Pou-Matarredona-2-300x180.jpg\" alt=\"\" width=\"300\" height=\"180\" srcset=\"https:\/\/www.guias.travel\/blog\/wp-content\/uploads\/2020\/08\/Pou-Matarredona-2-300x180.jpg 300w, https:\/\/www.guias.travel\/blog\/wp-content\/uploads\/2020\/08\/Pou-Matarredona-2-768x461.jpg 768w, https:\/\/www.guias.travel\/blog\/wp-content\/uploads\/2020\/08\/Pou-Matarredona-2-1024x614.jpg 1024w\" sizes=\"(max-width: 300px) 100vw, 300px\" \/><figcaption id=\"caption-attachment-6101\" class=\"wp-caption-text\">Interior del pozo de Matarredona<\/figcaption><\/figure>\n<p>Continuamos el ascenso por el <strong>GR-92<\/strong> y a unos centenares de metros de las ruinas de la mas\u00eda,a nuestra derecha nos encontramos entre la vegetaci\u00f3n una enigm\u00e1tica <strong>superficie circular<\/strong>, de unos ciento cincuenta metros de di\u00e1metro de piedra blanca y en plano inclinado que por su forma (redonda) da nombre a la colina y a toda la zona de Matarredona. Sobre el origen de este <strong>c\u00edrculo megal\u00edtico<\/strong> se han forjado diversas teor\u00edas y hay quien no descarta la mano del hombre en su elaboraci\u00f3n. Dejamos atr\u00e1s la llanura de los campos cercanos y la sendera se empina de manera abrupta hasta <strong>el Portell<\/strong> donde se bifurca en direcci\u00f3n al <strong>Mas del Com\u00fa y Ulldecona<\/strong> y en nuestro caso hasta la concavidad p\u00e9trea de <strong>la Foradada<\/strong>. Se hace dif\u00edcil describir el panorama que se vislumbra desde esta gran abertura.<\/p>\n<figure id=\"attachment_6102\" aria-describedby=\"caption-attachment-6102\" style=\"width: 300px\" class=\"wp-caption alignleft\"><img decoding=\"async\" loading=\"lazy\" class=\"size-medium wp-image-6102\" src=\"https:\/\/www.guias.travel\/blog\/wp-content\/uploads\/2020\/08\/20170622_092016-300x180.jpg\" alt=\"\" width=\"300\" height=\"180\" srcset=\"https:\/\/www.guias.travel\/blog\/wp-content\/uploads\/2020\/08\/20170622_092016-300x180.jpg 300w, https:\/\/www.guias.travel\/blog\/wp-content\/uploads\/2020\/08\/20170622_092016-768x461.jpg 768w, https:\/\/www.guias.travel\/blog\/wp-content\/uploads\/2020\/08\/20170622_092016-1024x614.jpg 1024w\" sizes=\"(max-width: 300px) 100vw, 300px\" \/><figcaption id=\"caption-attachment-6102\" class=\"wp-caption-text\">Vista parcial desde la Foradada<\/figcaption><\/figure>\n<figure id=\"attachment_6103\" aria-describedby=\"caption-attachment-6103\" style=\"width: 300px\" class=\"wp-caption alignright\"><img decoding=\"async\" loading=\"lazy\" class=\"size-medium wp-image-6103\" src=\"https:\/\/www.guias.travel\/blog\/wp-content\/uploads\/2020\/08\/20170622_093558-300x180.jpg\" alt=\"\" width=\"300\" height=\"180\" srcset=\"https:\/\/www.guias.travel\/blog\/wp-content\/uploads\/2020\/08\/20170622_093558-300x180.jpg 300w, https:\/\/www.guias.travel\/blog\/wp-content\/uploads\/2020\/08\/20170622_093558-768x461.jpg 768w, https:\/\/www.guias.travel\/blog\/wp-content\/uploads\/2020\/08\/20170622_093558-1024x614.jpg 1024w\" sizes=\"(max-width: 300px) 100vw, 300px\" \/><figcaption id=\"caption-attachment-6103\" class=\"wp-caption-text\">Vistas desde la Foradada<\/figcaption><\/figure>\n<p>&nbsp;<\/p>\n<p>&nbsp;<\/p>\n<p>&nbsp;<\/p>\n<p>&nbsp;<\/p>\n<p>&nbsp;<\/p>\n<p>&nbsp;<\/p>\n<p>Esplendorosas vista, con el pueblo de Sant Carles de la R\u00e0pita y la <strong>bah\u00eda de Los Alfaques<\/strong> a nuestros pies, el r\u00edo Ebro con su inmenso delta a nuestra izquierda y el litoral del norte de Castell\u00f3n, <strong>con Vinaroz, Benicarl\u00f3 y Pe\u00f1\u00edscola<\/strong>, a la derecha. En d\u00edas claros se puede ver des de el <strong>cabo de Salou hasta las islas Columbretes<\/strong>. Una excursi\u00f3n que podemos completar en una ma\u00f1ana y que seguro que no dejar\u00e1 indiferente a ning\u00fan miembro de la familia.<\/p>\n<figure id=\"attachment_6104\" aria-describedby=\"caption-attachment-6104\" style=\"width: 770px\" class=\"wp-caption aligncenter\"><img decoding=\"async\" loading=\"lazy\" class=\"size-large wp-image-6104\" src=\"https:\/\/www.guias.travel\/blog\/wp-content\/uploads\/2020\/08\/Amposta-des-de-Foradada-1024x614.jpg\" alt=\"\" width=\"770\" height=\"462\" srcset=\"https:\/\/www.guias.travel\/blog\/wp-content\/uploads\/2020\/08\/Amposta-des-de-Foradada-1024x614.jpg 1024w, https:\/\/www.guias.travel\/blog\/wp-content\/uploads\/2020\/08\/Amposta-des-de-Foradada-300x180.jpg 300w, https:\/\/www.guias.travel\/blog\/wp-content\/uploads\/2020\/08\/Amposta-des-de-Foradada-768x461.jpg 768w\" sizes=\"(max-width: 770px) 100vw, 770px\" \/><figcaption id=\"caption-attachment-6104\" class=\"wp-caption-text\">El delta del Ebro desde la Foradada<\/figcaption><\/figure>\n<p>Si quieres disfrutar de experiencias y paisajes inolvidables, te recomiendo que lo hagas con\u00a0<a href=\"https:\/\/www.guias.travel\/espana\/delta-del-ebro\/\" target=\"_blank\" rel=\"noopener noreferrer\">alguno de estos tours por el Delta del Ebro<\/a>\u00a0. Clica en el enlace para ver todos los detalles.<\/p>\n","protected":false},"excerpt":{"rendered":"<p>Una de las excursiones m\u00e1s habituales por la sierra del Montsi\u00e0 transcurre por la vertiente mar\u00edtima de la misma. Partiendo de Sant Carles de la R\u00e0pita finaliza en la cima de la Foradada, a poco menos de 700 metros, desde donde disfrutaremos de una impresionante panor\u00e1mica sobre el delta del Ebro y el litoral y<\/p>\n","protected":false},"author":11,"featured_media":6106,"comment_status":"open","ping_status":"open","sticky":false,"template":"","format":"standard","meta":[],"categories":[475],"tags":[2848,2845,2847,2844,2849,2846],"aioseo_notices":[],"_links":{"self":[{"href":"https:\/\/www.guias.travel\/blog\/wp-json\/wp\/v2\/posts\/6093"}],"collection":[{"href":"https:\/\/www.guias.travel\/blog\/wp-json\/wp\/v2\/posts"}],"about":[{"href":"https:\/\/www.guias.travel\/blog\/wp-json\/wp\/v2\/types\/post"}],"author":[{"embeddable":true,"href":"https:\/\/www.guias.travel\/blog\/wp-json\/wp\/v2\/users\/11"}],"replies":[{"embeddable":true,"href":"https:\/\/www.guias.travel\/blog\/wp-json\/wp\/v2\/comments?post=6093"}],"version-history":[{"count":2,"href":"https:\/\/www.guias.travel\/blog\/wp-json\/wp\/v2\/posts\/6093\/revisions"}],"predecessor-version":[{"id":6108,"href":"https:\/\/www.guias.travel\/blog\/wp-json\/wp\/v2\/posts\/6093\/revisions\/6108"}],"wp:featuredmedia":[{"embeddable":true,"href":"https:\/\/www.guias.travel\/blog\/wp-json\/wp\/v2\/media\/6106"}],"wp:attachment":[{"href":"https:\/\/www.guias.travel\/blog\/wp-json\/wp\/v2\/media?parent=6093"}],"wp:term":[{"taxonomy":"category","embeddable":true,"href":"https:\/\/www.guias.travel\/blog\/wp-json\/wp\/v2\/categories?post=6093"},{"taxonomy":"post_tag","embeddable":true,"href":"https:\/\/www.guias.travel\/blog\/wp-json\/wp\/v2\/tags?post=6093"}],"curies":[{"name":"wp","href":"https:\/\/api.w.org\/{rel}","templated":true}]}}